{"id":356,"date":"2023-02-14T13:58:51","date_gmt":"2023-02-14T12:58:51","guid":{"rendered":"http:\/\/laamuebladora.com\/noticias\/?p=356"},"modified":"2023-02-14T14:03:19","modified_gmt":"2023-02-14T13:03:19","slug":"la-amuebladora-socio-de-la-une-union-de-nuevos-empresarios-de-villaverde","status":"publish","type":"post","link":"https:\/\/laamuebladora.com\/noticias\/la-amuebladora-socio-de-la-une-union-de-nuevos-empresarios-de-villaverde\/","title":{"rendered":""},"content":{"rendered":"\n<figure class=\"wp-block-image size-large\"><img loading=\"lazy\" decoding=\"async\" width=\"1024\" height=\"406\" src=\"https:\/\/laamuebladora.com\/noticias\/wp-content\/uploads\/2023\/02\/une-1024x406.jpg\" alt=\"\" class=\"wp-image-359\" srcset=\"https:\/\/laamuebladora.com\/noticias\/wp-content\/uploads\/2023\/02\/une-1024x406.jpg 1024w, https:\/\/laamuebladora.com\/noticias\/wp-content\/uploads\/2023\/02\/une-300x119.jpg 300w, https:\/\/laamuebladora.com\/noticias\/wp-content\/uploads\/2023\/02\/une-768x305.jpg 768w, https:\/\/laamuebladora.com\/noticias\/wp-content\/uploads\/2023\/02\/une.jpg 1053w\" sizes=\"auto, (max-width: 1024px) 100vw, 1024px\" \/><\/figure>\n\n\n\n<h2 class=\"wp-block-heading\">Uni\u00f3n de nuevos empresarios de Villaverde <\/h2>\n\n\n\n<p><br><strong>UNE<\/strong> es una asociaci\u00f3n de personas y empresas multisectorial, situada en el pol\u00edgono Empresarial de Villaverde que nace para apoyar y promover empresas, respaldar a sus asociados y sus iniciativas, atender sus consultas y defender los intereses de los empresarios.<br>De esta manera, La Amuebladora se involucra de pleno en aportar su granito de arena, para conseguir el bien com\u00fan de los empresarios de la zona de Villaverde Alto, apoyando las iniciativas de la UNE y las demandas de los empresarios de la zona, para as\u00ed, entre todos, lograr el objetivo com\u00fan de conseguir que Villaverde Alto, sea un ejemplo a seguir.<\/p>\n\n\n\n<p><a href=\"https:\/\/www.unevillaverde.com\/\">https:\/\/www.unevillaverde.com\/<\/a><\/p>\n","protected":false},"excerpt":{"rendered":"<p>Uni\u00f3n de nuevos empresarios de Villaverde UNE es una asociaci\u00f3n de personas y empresas multisectorial, situada en el pol\u00edgono Empresarial de Villaverde que nace para apoyar y promover empresas, respaldar a sus asociados y sus iniciativas, atender sus consultas y defender los intereses de los empresarios.De esta manera, La Amuebladora se involucra de pleno en aportar su granito de arena, para conseguir el bien com\u00fan de los empresarios de la zona de Villaverde Alto, apoyando las iniciativas de la UNE y las demandas de los empresarios de la zona, para [&hellip;]<\/p>\n","protected":false},"author":1,"featured_media":359,"comment_status":"open","ping_status":"open","sticky":false,"template":"","format":"standard","meta":{"_acf_changed":false,"footnotes":""},"categories":[2],"tags":[],"class_list":["post-356","post","type-post","status-publish","format-standard","has-post-thumbnail","hentry","category-trasteros-madrid"],"acf":[],"yoast_head":"<!-- This site is optimized with the Yoast SEO plugin v27.4 - https:\/\/yoast.com\/product\/yoast-seo-wordpress\/ -->\n<title>La Amuebladora<\/title>\n<meta name=\"description\" content=\"UNE (Uni\u00f3n de nuevos empresarios de Villaverde)\" \/>\n<meta name=\"robots\" content=\"index, follow, max-snippet:-1, max-image-preview:large, max-video-preview:-1\" \/>\n<link rel=\"canonical\" href=\"https:\/\/laamuebladora.com\/noticias\/la-amuebladora-socio-de-la-une-union-de-nuevos-empresarios-de-villaverde\/\" \/>\n<meta property=\"og:locale\" content=\"es_ES\" \/>\n<meta property=\"og:type\" content=\"article\" \/>\n<meta property=\"og:description\" content=\"UNE (Uni\u00f3n de nuevos empresarios de Villaverde)\" \/>\n<meta property=\"og:url\" content=\"https:\/\/laamuebladora.com\/noticias\/la-amuebladora-socio-de-la-une-union-de-nuevos-empresarios-de-villaverde\/\" \/>\n<meta property=\"og:site_name\" content=\"La Amuebladora\" \/>\n<meta property=\"article:published_time\" content=\"2023-02-14T12:58:51+00:00\" \/>\n<meta property=\"article:modified_time\" content=\"2023-02-14T13:03:19+00:00\" \/>\n<meta property=\"og:image\" content=\"https:\/\/laamuebladora.com\/noticias\/wp-content\/uploads\/2023\/02\/une.jpg\" \/>\n\t<meta property=\"og:image:width\" content=\"1053\" \/>\n\t<meta property=\"og:image:height\" content=\"418\" \/>\n\t<meta property=\"og:image:type\" content=\"image\/jpeg\" \/>\n<meta name=\"author\" content=\"@Admin Laamuebladora\" \/>\n<meta name=\"twitter:card\" content=\"summary_large_image\" \/>\n<meta name=\"twitter:label1\" content=\"Escrito por\" \/>\n\t<meta name=\"twitter:data1\" content=\"@Admin Laamuebladora\" \/>\n\t<meta name=\"twitter:label2\" content=\"Tiempo de lectura\" \/>\n\t<meta name=\"twitter:data2\" content=\"1 minuto\" \/>\n<script type=\"application\/ld+json\" class=\"yoast-schema-graph\">{\"@context\":\"https:\\\/\\\/schema.org\",\"@graph\":[{\"@type\":\"Article\",\"@id\":\"https:\\\/\\\/laamuebladora.com\\\/noticias\\\/la-amuebladora-socio-de-la-une-union-de-nuevos-empresarios-de-villaverde\\\/#article\",\"isPartOf\":{\"@id\":\"https:\\\/\\\/laamuebladora.com\\\/noticias\\\/la-amuebladora-socio-de-la-une-union-de-nuevos-empresarios-de-villaverde\\\/\"},\"author\":{\"name\":\"@Admin Laamuebladora\",\"@id\":\"https:\\\/\\\/laamuebladora.com\\\/noticias\\\/#\\\/schema\\\/person\\\/a58f93201e9f04fdcf4aa64e659f8eb1\"},\"headline\":\"Sin t\u00edtulo\",\"datePublished\":\"2023-02-14T12:58:51+00:00\",\"dateModified\":\"2023-02-14T13:03:19+00:00\",\"mainEntityOfPage\":{\"@id\":\"https:\\\/\\\/laamuebladora.com\\\/noticias\\\/la-amuebladora-socio-de-la-une-union-de-nuevos-empresarios-de-villaverde\\\/\"},\"wordCount\":117,\"commentCount\":0,\"publisher\":{\"@id\":\"https:\\\/\\\/laamuebladora.com\\\/noticias\\\/#organization\"},\"image\":{\"@id\":\"https:\\\/\\\/laamuebladora.com\\\/noticias\\\/la-amuebladora-socio-de-la-une-union-de-nuevos-empresarios-de-villaverde\\\/#primaryimage\"},\"thumbnailUrl\":\"https:\\\/\\\/laamuebladora.com\\\/noticias\\\/wp-content\\\/uploads\\\/2023\\\/02\\\/une.jpg\",\"articleSection\":[\"Trasteros madrid\"],\"inLanguage\":\"es\",\"potentialAction\":[{\"@type\":\"CommentAction\",\"name\":\"Comment\",\"target\":[\"https:\\\/\\\/laamuebladora.com\\\/noticias\\\/la-amuebladora-socio-de-la-une-union-de-nuevos-empresarios-de-villaverde\\\/#respond\"]}]},{\"@type\":\"WebPage\",\"@id\":\"https:\\\/\\\/laamuebladora.com\\\/noticias\\\/la-amuebladora-socio-de-la-une-union-de-nuevos-empresarios-de-villaverde\\\/\",\"url\":\"https:\\\/\\\/laamuebladora.com\\\/noticias\\\/la-amuebladora-socio-de-la-une-union-de-nuevos-empresarios-de-villaverde\\\/\",\"name\":\"\",\"isPartOf\":{\"@id\":\"https:\\\/\\\/laamuebladora.com\\\/noticias\\\/#website\"},\"primaryImageOfPage\":{\"@id\":\"https:\\\/\\\/laamuebladora.com\\\/noticias\\\/la-amuebladora-socio-de-la-une-union-de-nuevos-empresarios-de-villaverde\\\/#primaryimage\"},\"image\":{\"@id\":\"https:\\\/\\\/laamuebladora.com\\\/noticias\\\/la-amuebladora-socio-de-la-une-union-de-nuevos-empresarios-de-villaverde\\\/#primaryimage\"},\"thumbnailUrl\":\"https:\\\/\\\/laamuebladora.com\\\/noticias\\\/wp-content\\\/uploads\\\/2023\\\/02\\\/une.jpg\",\"datePublished\":\"2023-02-14T12:58:51+00:00\",\"dateModified\":\"2023-02-14T13:03:19+00:00\",\"description\":\"UNE (Uni\u00f3n de nuevos empresarios de Villaverde)\",\"inLanguage\":\"es\",\"potentialAction\":[{\"@type\":\"ReadAction\",\"target\":[\"https:\\\/\\\/laamuebladora.com\\\/noticias\\\/la-amuebladora-socio-de-la-une-union-de-nuevos-empresarios-de-villaverde\\\/\"]}]},{\"@type\":\"ImageObject\",\"inLanguage\":\"es\",\"@id\":\"https:\\\/\\\/laamuebladora.com\\\/noticias\\\/la-amuebladora-socio-de-la-une-union-de-nuevos-empresarios-de-villaverde\\\/#primaryimage\",\"url\":\"https:\\\/\\\/laamuebladora.com\\\/noticias\\\/wp-content\\\/uploads\\\/2023\\\/02\\\/une.jpg\",\"contentUrl\":\"https:\\\/\\\/laamuebladora.com\\\/noticias\\\/wp-content\\\/uploads\\\/2023\\\/02\\\/une.jpg\",\"width\":1053,\"height\":418,\"caption\":\"Une (uni\u00f3n de nuevos empresarios de Villaverde)\"},{\"@type\":\"WebSite\",\"@id\":\"https:\\\/\\\/laamuebladora.com\\\/noticias\\\/#website\",\"url\":\"https:\\\/\\\/laamuebladora.com\\\/noticias\\\/\",\"name\":\"La Amuebladora\",\"description\":\"Trasteros y guardamuebles en Madrid\",\"publisher\":{\"@id\":\"https:\\\/\\\/laamuebladora.com\\\/noticias\\\/#organization\"},\"potentialAction\":[{\"@type\":\"SearchAction\",\"target\":{\"@type\":\"EntryPoint\",\"urlTemplate\":\"https:\\\/\\\/laamuebladora.com\\\/noticias\\\/?s={search_term_string}\"},\"query-input\":{\"@type\":\"PropertyValueSpecification\",\"valueRequired\":true,\"valueName\":\"search_term_string\"}}],\"inLanguage\":\"es\"},{\"@type\":\"Organization\",\"@id\":\"https:\\\/\\\/laamuebladora.com\\\/noticias\\\/#organization\",\"name\":\"La Amuebladora\",\"url\":\"https:\\\/\\\/laamuebladora.com\\\/noticias\\\/\",\"logo\":{\"@type\":\"ImageObject\",\"inLanguage\":\"es\",\"@id\":\"https:\\\/\\\/laamuebladora.com\\\/noticias\\\/#\\\/schema\\\/logo\\\/image\\\/\",\"url\":\"https:\\\/\\\/laamuebladora.com\\\/noticias\\\/wp-content\\\/uploads\\\/2015\\\/12\\\/logo.png\",\"contentUrl\":\"https:\\\/\\\/laamuebladora.com\\\/noticias\\\/wp-content\\\/uploads\\\/2015\\\/12\\\/logo.png\",\"width\":350,\"height\":62,\"caption\":\"La Amuebladora\"},\"image\":{\"@id\":\"https:\\\/\\\/laamuebladora.com\\\/noticias\\\/#\\\/schema\\\/logo\\\/image\\\/\"}},{\"@type\":\"Person\",\"@id\":\"https:\\\/\\\/laamuebladora.com\\\/noticias\\\/#\\\/schema\\\/person\\\/a58f93201e9f04fdcf4aa64e659f8eb1\",\"name\":\"@Admin Laamuebladora\",\"image\":{\"@type\":\"ImageObject\",\"inLanguage\":\"es\",\"@id\":\"https:\\\/\\\/secure.gravatar.com\\\/avatar\\\/ab6d81d50f66192b19bc3344485b75e255df75d182947f318cf674be4e985c34?s=96&d=mm&r=g\",\"url\":\"https:\\\/\\\/secure.gravatar.com\\\/avatar\\\/ab6d81d50f66192b19bc3344485b75e255df75d182947f318cf674be4e985c34?s=96&d=mm&r=g\",\"contentUrl\":\"https:\\\/\\\/secure.gravatar.com\\\/avatar\\\/ab6d81d50f66192b19bc3344485b75e255df75d182947f318cf674be4e985c34?s=96&d=mm&r=g\",\"caption\":\"@Admin Laamuebladora\"},\"url\":\"https:\\\/\\\/laamuebladora.com\\\/noticias\\\/author\\\/admin-laamuebladora\\\/\"}]}<\/script>\n<!-- \/ Yoast SEO plugin. -->","yoast_head_json":{"title":"La Amuebladora","description":"UNE (Uni\u00f3n de nuevos empresarios de Villaverde)","robots":{"index":"index","follow":"follow","max-snippet":"max-snippet:-1","max-image-preview":"max-image-preview:large","max-video-preview":"max-video-preview:-1"},"canonical":"https:\/\/laamuebladora.com\/noticias\/la-amuebladora-socio-de-la-une-union-de-nuevos-empresarios-de-villaverde\/","og_locale":"es_ES","og_type":"article","og_description":"UNE (Uni\u00f3n de nuevos empresarios de Villaverde)","og_url":"https:\/\/laamuebladora.com\/noticias\/la-amuebladora-socio-de-la-une-union-de-nuevos-empresarios-de-villaverde\/","og_site_name":"La Amuebladora","article_published_time":"2023-02-14T12:58:51+00:00","article_modified_time":"2023-02-14T13:03:19+00:00","og_image":[{"width":1053,"height":418,"url":"https:\/\/laamuebladora.com\/noticias\/wp-content\/uploads\/2023\/02\/une.jpg","type":"image\/jpeg"}],"author":"@Admin Laamuebladora","twitter_card":"summary_large_image","twitter_misc":{"Escrito por":"@Admin Laamuebladora","Tiempo de lectura":"1 minuto"},"schema":{"@context":"https:\/\/schema.org","@graph":[{"@type":"Article","@id":"https:\/\/laamuebladora.com\/noticias\/la-amuebladora-socio-de-la-une-union-de-nuevos-empresarios-de-villaverde\/#article","isPartOf":{"@id":"https:\/\/laamuebladora.com\/noticias\/la-amuebladora-socio-de-la-une-union-de-nuevos-empresarios-de-villaverde\/"},"author":{"name":"@Admin Laamuebladora","@id":"https:\/\/laamuebladora.com\/noticias\/#\/schema\/person\/a58f93201e9f04fdcf4aa64e659f8eb1"},"headline":"Sin t\u00edtulo","datePublished":"2023-02-14T12:58:51+00:00","dateModified":"2023-02-14T13:03:19+00:00","mainEntityOfPage":{"@id":"https:\/\/laamuebladora.com\/noticias\/la-amuebladora-socio-de-la-une-union-de-nuevos-empresarios-de-villaverde\/"},"wordCount":117,"commentCount":0,"publisher":{"@id":"https:\/\/laamuebladora.com\/noticias\/#organization"},"image":{"@id":"https:\/\/laamuebladora.com\/noticias\/la-amuebladora-socio-de-la-une-union-de-nuevos-empresarios-de-villaverde\/#primaryimage"},"thumbnailUrl":"https:\/\/laamuebladora.com\/noticias\/wp-content\/uploads\/2023\/02\/une.jpg","articleSection":["Trasteros madrid"],"inLanguage":"es","potentialAction":[{"@type":"CommentAction","name":"Comment","target":["https:\/\/laamuebladora.com\/noticias\/la-amuebladora-socio-de-la-une-union-de-nuevos-empresarios-de-villaverde\/#respond"]}]},{"@type":"WebPage","@id":"https:\/\/laamuebladora.com\/noticias\/la-amuebladora-socio-de-la-une-union-de-nuevos-empresarios-de-villaverde\/","url":"https:\/\/laamuebladora.com\/noticias\/la-amuebladora-socio-de-la-une-union-de-nuevos-empresarios-de-villaverde\/","name":"","isPartOf":{"@id":"https:\/\/laamuebladora.com\/noticias\/#website"},"primaryImageOfPage":{"@id":"https:\/\/laamuebladora.com\/noticias\/la-amuebladora-socio-de-la-une-union-de-nuevos-empresarios-de-villaverde\/#primaryimage"},"image":{"@id":"https:\/\/laamuebladora.com\/noticias\/la-amuebladora-socio-de-la-une-union-de-nuevos-empresarios-de-villaverde\/#primaryimage"},"thumbnailUrl":"https:\/\/laamuebladora.com\/noticias\/wp-content\/uploads\/2023\/02\/une.jpg","datePublished":"2023-02-14T12:58:51+00:00","dateModified":"2023-02-14T13:03:19+00:00","description":"UNE (Uni\u00f3n de nuevos empresarios de Villaverde)","inLanguage":"es","potentialAction":[{"@type":"ReadAction","target":["https:\/\/laamuebladora.com\/noticias\/la-amuebladora-socio-de-la-une-union-de-nuevos-empresarios-de-villaverde\/"]}]},{"@type":"ImageObject","inLanguage":"es","@id":"https:\/\/laamuebladora.com\/noticias\/la-amuebladora-socio-de-la-une-union-de-nuevos-empresarios-de-villaverde\/#primaryimage","url":"https:\/\/laamuebladora.com\/noticias\/wp-content\/uploads\/2023\/02\/une.jpg","contentUrl":"https:\/\/laamuebladora.com\/noticias\/wp-content\/uploads\/2023\/02\/une.jpg","width":1053,"height":418,"caption":"Une (uni\u00f3n de nuevos empresarios de Villaverde)"},{"@type":"WebSite","@id":"https:\/\/laamuebladora.com\/noticias\/#website","url":"https:\/\/laamuebladora.com\/noticias\/","name":"La Amuebladora","description":"Trasteros y guardamuebles en Madrid","publisher":{"@id":"https:\/\/laamuebladora.com\/noticias\/#organization"},"potentialAction":[{"@type":"SearchAction","target":{"@type":"EntryPoint","urlTemplate":"https:\/\/laamuebladora.com\/noticias\/?s={search_term_string}"},"query-input":{"@type":"PropertyValueSpecification","valueRequired":true,"valueName":"search_term_string"}}],"inLanguage":"es"},{"@type":"Organization","@id":"https:\/\/laamuebladora.com\/noticias\/#organization","name":"La Amuebladora","url":"https:\/\/laamuebladora.com\/noticias\/","logo":{"@type":"ImageObject","inLanguage":"es","@id":"https:\/\/laamuebladora.com\/noticias\/#\/schema\/logo\/image\/","url":"https:\/\/laamuebladora.com\/noticias\/wp-content\/uploads\/2015\/12\/logo.png","contentUrl":"https:\/\/laamuebladora.com\/noticias\/wp-content\/uploads\/2015\/12\/logo.png","width":350,"height":62,"caption":"La Amuebladora"},"image":{"@id":"https:\/\/laamuebladora.com\/noticias\/#\/schema\/logo\/image\/"}},{"@type":"Person","@id":"https:\/\/laamuebladora.com\/noticias\/#\/schema\/person\/a58f93201e9f04fdcf4aa64e659f8eb1","name":"@Admin Laamuebladora","image":{"@type":"ImageObject","inLanguage":"es","@id":"https:\/\/secure.gravatar.com\/avatar\/ab6d81d50f66192b19bc3344485b75e255df75d182947f318cf674be4e985c34?s=96&d=mm&r=g","url":"https:\/\/secure.gravatar.com\/avatar\/ab6d81d50f66192b19bc3344485b75e255df75d182947f318cf674be4e985c34?s=96&d=mm&r=g","contentUrl":"https:\/\/secure.gravatar.com\/avatar\/ab6d81d50f66192b19bc3344485b75e255df75d182947f318cf674be4e985c34?s=96&d=mm&r=g","caption":"@Admin Laamuebladora"},"url":"https:\/\/laamuebladora.com\/noticias\/author\/admin-laamuebladora\/"}]}},"_links":{"self":[{"href":"https:\/\/laamuebladora.com\/noticias\/wp-json\/wp\/v2\/posts\/356","targetHints":{"allow":["GET"]}}],"collection":[{"href":"https:\/\/laamuebladora.com\/noticias\/wp-json\/wp\/v2\/posts"}],"about":[{"href":"https:\/\/laamuebladora.com\/noticias\/wp-json\/wp\/v2\/types\/post"}],"author":[{"embeddable":true,"href":"https:\/\/laamuebladora.com\/noticias\/wp-json\/wp\/v2\/users\/1"}],"replies":[{"embeddable":true,"href":"https:\/\/laamuebladora.com\/noticias\/wp-json\/wp\/v2\/comments?post=356"}],"version-history":[{"count":10,"href":"https:\/\/laamuebladora.com\/noticias\/wp-json\/wp\/v2\/posts\/356\/revisions"}],"predecessor-version":[{"id":369,"href":"https:\/\/laamuebladora.com\/noticias\/wp-json\/wp\/v2\/posts\/356\/revisions\/369"}],"wp:featuredmedia":[{"embeddable":true,"href":"https:\/\/laamuebladora.com\/noticias\/wp-json\/wp\/v2\/media\/359"}],"wp:attachment":[{"href":"https:\/\/laamuebladora.com\/noticias\/wp-json\/wp\/v2\/media?parent=356"}],"wp:term":[{"taxonomy":"category","embeddable":true,"href":"https:\/\/laamuebladora.com\/noticias\/wp-json\/wp\/v2\/categories?post=356"},{"taxonomy":"post_tag","embeddable":true,"href":"https:\/\/laamuebladora.com\/noticias\/wp-json\/wp\/v2\/tags?post=356"}],"curies":[{"name":"wp","href":"https:\/\/api.w.org\/{rel}","templated":true}]}}