{"id":377,"date":"2023-05-22T10:57:43","date_gmt":"2023-05-22T08:57:43","guid":{"rendered":"http:\/\/laamuebladora.com\/noticias\/?p=377"},"modified":"2023-05-22T10:57:44","modified_gmt":"2023-05-22T08:57:44","slug":"accesibilidad-a-trasteros-y-guardamuebles-en-la-amuebladora","status":"publish","type":"post","link":"https:\/\/laamuebladora.com\/noticias\/accesibilidad-a-trasteros-y-guardamuebles-en-la-amuebladora\/","title":{"rendered":"Trasteros y guardamuebles en La Amuebladora: accesibilidad"},"content":{"rendered":"\n<figure class=\"wp-block-image size-large is-resized\"><img loading=\"lazy\" decoding=\"async\" src=\"http:\/\/laamuebladora.com\/noticias\/wp-content\/uploads\/2023\/05\/Imagen1.jpg\" alt=\"Accesibilidad a trasteros y guardamuebles\" class=\"wp-image-379\" width=\"1024\" height=\"453\"\/><\/figure>\n\n\n\n<p>     La Amuebladora es una empresa que ofrece el alquiler de trasteros con un sistema de acceso 24 horas al d\u00eda, 365 d\u00edas al a\u00f1o. Este tipo de servicio permite a los clientes un acceso flexible a sus pertenencias, d\u00e1ndoles la libertad de acceder a sus art\u00edculos almacenados cuando les convenga, sin restricciones de horario.<\/p>\n\n\n\n<p>     El funcionamiento es muy sencillo. Cuando alquilas un trastero en La Amuebladora, se te proporciona una tarjeta de acceso. Con este dispositivo de acceso, puedes acceder a tu trastero a cualquier hora del d\u00eda o de la noche.<\/p>\n\n\n\n<p>     Esta flexibilidad de acceso es especialmente \u00fatil para personas con horarios de trabajo impredecibles, empresas que necesitan acceso constante a su inventario o individuos que necesitan acceder a sus pertenencias en momentos imprevistos.<\/p>\n\n\n\n<p>     Adem\u00e1s, La Amuebladora asegura la seguridad de tus pertenencias con medidas de seguridad robustas: c\u00e1maras de seguridad, alarma y seguridad en el lugar para garantizar la seguridad de los art\u00edculos almacenados. Las unidades de almacenamiento est\u00e1n disponibles en varios tama\u00f1os para adaptarse a diferentes necesidades de almacenamiento, desde pocos art\u00edculos hasta el almacenamiento del contenido de una casa completa.<\/p>\n\n\n\n<p>     Por lo tanto, La Amuebladora, con su sistema de acceso 24\/7, proporciona una soluci\u00f3n de almacenamiento conveniente y flexible para aquellos que necesitan un espacio de almacenamiento seguro y accesible.<\/p>\n","protected":false},"excerpt":{"rendered":"<p>La Amuebladora es una empresa que ofrece el alquiler de trasteros con un sistema de acceso 24 horas al d\u00eda, 365 d\u00edas al a\u00f1o. Este tipo de servicio permite a los clientes un acceso flexible a sus pertenencias, d\u00e1ndoles la libertad de acceder a sus art\u00edculos almacenados cuando les convenga, sin restricciones de horario. El funcionamiento es muy sencillo. Cuando alquilas un trastero en La Amuebladora, se te proporciona una tarjeta de acceso. Con este dispositivo de acceso, puedes acceder a tu trastero a cualquier hora del d\u00eda o de [&hellip;]<\/p>\n","protected":false},"author":1,"featured_media":379,"comment_status":"open","ping_status":"open","sticky":false,"template":"","format":"standard","meta":{"_acf_changed":false,"footnotes":""},"categories":[12,2],"tags":[6,4],"class_list":["post-377","post","type-post","status-publish","format-standard","has-post-thumbnail","hentry","category-alquiler-de-trasteros","category-trasteros-madrid","tag-guardamuebles","tag-trasteros-madrid"],"acf":[],"yoast_head":"<!-- This site is optimized with the Yoast SEO plugin v27.5 - https:\/\/yoast.com\/product\/yoast-seo-wordpress\/ -->\n<title>Trasteros y guardamuebles en La Amuebladora: accesibilidad<\/title>\n<meta name=\"description\" content=\"Accesibilidad a trasteros y guardamuebles. La puerta es lo suficientemente amplia, para que puedan acceder a la zona de aparcamiento, cualquier veh\u00edculo\" \/>\n<meta name=\"robots\" content=\"index, follow, max-snippet:-1, max-image-preview:large, max-video-preview:-1\" \/>\n<link rel=\"canonical\" href=\"https:\/\/laamuebladora.com\/noticias\/accesibilidad-a-trasteros-y-guardamuebles-en-la-amuebladora\/\" \/>\n<meta property=\"og:locale\" content=\"es_ES\" \/>\n<meta property=\"og:type\" content=\"article\" \/>\n<meta property=\"og:title\" content=\"Trasteros y guardamuebles en La Amuebladora: accesibilidad\" \/>\n<meta property=\"og:description\" content=\"Accesibilidad a trasteros y guardamuebles. La puerta es lo suficientemente amplia, para que puedan acceder a la zona de aparcamiento, cualquier veh\u00edculo\" \/>\n<meta property=\"og:url\" content=\"https:\/\/laamuebladora.com\/noticias\/accesibilidad-a-trasteros-y-guardamuebles-en-la-amuebladora\/\" \/>\n<meta property=\"og:site_name\" content=\"La Amuebladora\" \/>\n<meta property=\"article:published_time\" content=\"2023-05-22T08:57:43+00:00\" \/>\n<meta property=\"article:modified_time\" content=\"2023-05-22T08:57:44+00:00\" \/>\n<meta property=\"og:image\" content=\"https:\/\/laamuebladora.com\/noticias\/wp-content\/uploads\/2023\/05\/Imagen1.jpg\" \/>\n\t<meta property=\"og:image:width\" content=\"566\" \/>\n\t<meta property=\"og:image:height\" content=\"354\" \/>\n\t<meta property=\"og:image:type\" content=\"image\/jpeg\" \/>\n<meta name=\"author\" content=\"@Admin Laamuebladora\" \/>\n<meta name=\"twitter:card\" content=\"summary_large_image\" \/>\n<meta name=\"twitter:label1\" content=\"Escrito por\" \/>\n\t<meta name=\"twitter:data1\" content=\"@Admin Laamuebladora\" \/>\n\t<meta name=\"twitter:label2\" content=\"Tiempo de lectura\" \/>\n\t<meta name=\"twitter:data2\" content=\"1 minuto\" \/>\n<script type=\"application\/ld+json\" class=\"yoast-schema-graph\">{\"@context\":\"https:\\\/\\\/schema.org\",\"@graph\":[{\"@type\":\"Article\",\"@id\":\"https:\\\/\\\/laamuebladora.com\\\/noticias\\\/accesibilidad-a-trasteros-y-guardamuebles-en-la-amuebladora\\\/#article\",\"isPartOf\":{\"@id\":\"https:\\\/\\\/laamuebladora.com\\\/noticias\\\/accesibilidad-a-trasteros-y-guardamuebles-en-la-amuebladora\\\/\"},\"author\":{\"name\":\"@Admin Laamuebladora\",\"@id\":\"https:\\\/\\\/laamuebladora.com\\\/noticias\\\/#\\\/schema\\\/person\\\/a58f93201e9f04fdcf4aa64e659f8eb1\"},\"headline\":\"Trasteros y guardamuebles en La Amuebladora: accesibilidad\",\"datePublished\":\"2023-05-22T08:57:43+00:00\",\"dateModified\":\"2023-05-22T08:57:44+00:00\",\"mainEntityOfPage\":{\"@id\":\"https:\\\/\\\/laamuebladora.com\\\/noticias\\\/accesibilidad-a-trasteros-y-guardamuebles-en-la-amuebladora\\\/\"},\"wordCount\":231,\"commentCount\":0,\"publisher\":{\"@id\":\"https:\\\/\\\/laamuebladora.com\\\/noticias\\\/#organization\"},\"image\":{\"@id\":\"https:\\\/\\\/laamuebladora.com\\\/noticias\\\/accesibilidad-a-trasteros-y-guardamuebles-en-la-amuebladora\\\/#primaryimage\"},\"thumbnailUrl\":\"https:\\\/\\\/laamuebladora.com\\\/noticias\\\/wp-content\\\/uploads\\\/2023\\\/05\\\/Imagen1.jpg\",\"keywords\":[\"guardamuebles\",\"trasteros madrid\"],\"articleSection\":[\"Alquiler de trasteros\",\"Trasteros madrid\"],\"inLanguage\":\"es\",\"potentialAction\":[{\"@type\":\"CommentAction\",\"name\":\"Comment\",\"target\":[\"https:\\\/\\\/laamuebladora.com\\\/noticias\\\/accesibilidad-a-trasteros-y-guardamuebles-en-la-amuebladora\\\/#respond\"]}]},{\"@type\":\"WebPage\",\"@id\":\"https:\\\/\\\/laamuebladora.com\\\/noticias\\\/accesibilidad-a-trasteros-y-guardamuebles-en-la-amuebladora\\\/\",\"url\":\"https:\\\/\\\/laamuebladora.com\\\/noticias\\\/accesibilidad-a-trasteros-y-guardamuebles-en-la-amuebladora\\\/\",\"name\":\"Trasteros y guardamuebles en La Amuebladora: accesibilidad\",\"isPartOf\":{\"@id\":\"https:\\\/\\\/laamuebladora.com\\\/noticias\\\/#website\"},\"primaryImageOfPage\":{\"@id\":\"https:\\\/\\\/laamuebladora.com\\\/noticias\\\/accesibilidad-a-trasteros-y-guardamuebles-en-la-amuebladora\\\/#primaryimage\"},\"image\":{\"@id\":\"https:\\\/\\\/laamuebladora.com\\\/noticias\\\/accesibilidad-a-trasteros-y-guardamuebles-en-la-amuebladora\\\/#primaryimage\"},\"thumbnailUrl\":\"https:\\\/\\\/laamuebladora.com\\\/noticias\\\/wp-content\\\/uploads\\\/2023\\\/05\\\/Imagen1.jpg\",\"datePublished\":\"2023-05-22T08:57:43+00:00\",\"dateModified\":\"2023-05-22T08:57:44+00:00\",\"description\":\"Accesibilidad a trasteros y guardamuebles. La puerta es lo suficientemente amplia, para que puedan acceder a la zona de aparcamiento, cualquier veh\u00edculo\",\"breadcrumb\":{\"@id\":\"https:\\\/\\\/laamuebladora.com\\\/noticias\\\/accesibilidad-a-trasteros-y-guardamuebles-en-la-amuebladora\\\/#breadcrumb\"},\"inLanguage\":\"es\",\"potentialAction\":[{\"@type\":\"ReadAction\",\"target\":[\"https:\\\/\\\/laamuebladora.com\\\/noticias\\\/accesibilidad-a-trasteros-y-guardamuebles-en-la-amuebladora\\\/\"]}]},{\"@type\":\"ImageObject\",\"inLanguage\":\"es\",\"@id\":\"https:\\\/\\\/laamuebladora.com\\\/noticias\\\/accesibilidad-a-trasteros-y-guardamuebles-en-la-amuebladora\\\/#primaryimage\",\"url\":\"https:\\\/\\\/laamuebladora.com\\\/noticias\\\/wp-content\\\/uploads\\\/2023\\\/05\\\/Imagen1.jpg\",\"contentUrl\":\"https:\\\/\\\/laamuebladora.com\\\/noticias\\\/wp-content\\\/uploads\\\/2023\\\/05\\\/Imagen1.jpg\",\"width\":566,\"height\":354,\"caption\":\"Accesibilidad a trasteros y guardamuebles\"},{\"@type\":\"BreadcrumbList\",\"@id\":\"https:\\\/\\\/laamuebladora.com\\\/noticias\\\/accesibilidad-a-trasteros-y-guardamuebles-en-la-amuebladora\\\/#breadcrumb\",\"itemListElement\":[{\"@type\":\"ListItem\",\"position\":1,\"name\":\"Home\",\"item\":\"https:\\\/\\\/laamuebladora.com\\\/noticias\\\/\"},{\"@type\":\"ListItem\",\"position\":2,\"name\":\"Trasteros y guardamuebles en La Amuebladora: accesibilidad\"}]},{\"@type\":\"WebSite\",\"@id\":\"https:\\\/\\\/laamuebladora.com\\\/noticias\\\/#website\",\"url\":\"https:\\\/\\\/laamuebladora.com\\\/noticias\\\/\",\"name\":\"La Amuebladora\",\"description\":\"Trasteros y guardamuebles en Madrid\",\"publisher\":{\"@id\":\"https:\\\/\\\/laamuebladora.com\\\/noticias\\\/#organization\"},\"potentialAction\":[{\"@type\":\"SearchAction\",\"target\":{\"@type\":\"EntryPoint\",\"urlTemplate\":\"https:\\\/\\\/laamuebladora.com\\\/noticias\\\/?s={search_term_string}\"},\"query-input\":{\"@type\":\"PropertyValueSpecification\",\"valueRequired\":true,\"valueName\":\"search_term_string\"}}],\"inLanguage\":\"es\"},{\"@type\":\"Organization\",\"@id\":\"https:\\\/\\\/laamuebladora.com\\\/noticias\\\/#organization\",\"name\":\"La Amuebladora\",\"url\":\"https:\\\/\\\/laamuebladora.com\\\/noticias\\\/\",\"logo\":{\"@type\":\"ImageObject\",\"inLanguage\":\"es\",\"@id\":\"https:\\\/\\\/laamuebladora.com\\\/noticias\\\/#\\\/schema\\\/logo\\\/image\\\/\",\"url\":\"https:\\\/\\\/laamuebladora.com\\\/noticias\\\/wp-content\\\/uploads\\\/2015\\\/12\\\/logo.png\",\"contentUrl\":\"https:\\\/\\\/laamuebladora.com\\\/noticias\\\/wp-content\\\/uploads\\\/2015\\\/12\\\/logo.png\",\"width\":350,\"height\":62,\"caption\":\"La Amuebladora\"},\"image\":{\"@id\":\"https:\\\/\\\/laamuebladora.com\\\/noticias\\\/#\\\/schema\\\/logo\\\/image\\\/\"}},{\"@type\":\"Person\",\"@id\":\"https:\\\/\\\/laamuebladora.com\\\/noticias\\\/#\\\/schema\\\/person\\\/a58f93201e9f04fdcf4aa64e659f8eb1\",\"name\":\"@Admin Laamuebladora\",\"image\":{\"@type\":\"ImageObject\",\"inLanguage\":\"es\",\"@id\":\"https:\\\/\\\/secure.gravatar.com\\\/avatar\\\/ab6d81d50f66192b19bc3344485b75e255df75d182947f318cf674be4e985c34?s=96&d=mm&r=g\",\"url\":\"https:\\\/\\\/secure.gravatar.com\\\/avatar\\\/ab6d81d50f66192b19bc3344485b75e255df75d182947f318cf674be4e985c34?s=96&d=mm&r=g\",\"contentUrl\":\"https:\\\/\\\/secure.gravatar.com\\\/avatar\\\/ab6d81d50f66192b19bc3344485b75e255df75d182947f318cf674be4e985c34?s=96&d=mm&r=g\",\"caption\":\"@Admin Laamuebladora\"},\"url\":\"https:\\\/\\\/laamuebladora.com\\\/noticias\\\/author\\\/admin-laamuebladora\\\/\"}]}<\/script>\n<!-- \/ Yoast SEO plugin. -->","yoast_head_json":{"title":"Trasteros y guardamuebles en La Amuebladora: accesibilidad","description":"Accesibilidad a trasteros y guardamuebles. La puerta es lo suficientemente amplia, para que puedan acceder a la zona de aparcamiento, cualquier veh\u00edculo","robots":{"index":"index","follow":"follow","max-snippet":"max-snippet:-1","max-image-preview":"max-image-preview:large","max-video-preview":"max-video-preview:-1"},"canonical":"https:\/\/laamuebladora.com\/noticias\/accesibilidad-a-trasteros-y-guardamuebles-en-la-amuebladora\/","og_locale":"es_ES","og_type":"article","og_title":"Trasteros y guardamuebles en La Amuebladora: accesibilidad","og_description":"Accesibilidad a trasteros y guardamuebles. La puerta es lo suficientemente amplia, para que puedan acceder a la zona de aparcamiento, cualquier veh\u00edculo","og_url":"https:\/\/laamuebladora.com\/noticias\/accesibilidad-a-trasteros-y-guardamuebles-en-la-amuebladora\/","og_site_name":"La Amuebladora","article_published_time":"2023-05-22T08:57:43+00:00","article_modified_time":"2023-05-22T08:57:44+00:00","og_image":[{"width":566,"height":354,"url":"https:\/\/laamuebladora.com\/noticias\/wp-content\/uploads\/2023\/05\/Imagen1.jpg","type":"image\/jpeg"}],"author":"@Admin Laamuebladora","twitter_card":"summary_large_image","twitter_misc":{"Escrito por":"@Admin Laamuebladora","Tiempo de lectura":"1 minuto"},"schema":{"@context":"https:\/\/schema.org","@graph":[{"@type":"Article","@id":"https:\/\/laamuebladora.com\/noticias\/accesibilidad-a-trasteros-y-guardamuebles-en-la-amuebladora\/#article","isPartOf":{"@id":"https:\/\/laamuebladora.com\/noticias\/accesibilidad-a-trasteros-y-guardamuebles-en-la-amuebladora\/"},"author":{"name":"@Admin Laamuebladora","@id":"https:\/\/laamuebladora.com\/noticias\/#\/schema\/person\/a58f93201e9f04fdcf4aa64e659f8eb1"},"headline":"Trasteros y guardamuebles en La Amuebladora: accesibilidad","datePublished":"2023-05-22T08:57:43+00:00","dateModified":"2023-05-22T08:57:44+00:00","mainEntityOfPage":{"@id":"https:\/\/laamuebladora.com\/noticias\/accesibilidad-a-trasteros-y-guardamuebles-en-la-amuebladora\/"},"wordCount":231,"commentCount":0,"publisher":{"@id":"https:\/\/laamuebladora.com\/noticias\/#organization"},"image":{"@id":"https:\/\/laamuebladora.com\/noticias\/accesibilidad-a-trasteros-y-guardamuebles-en-la-amuebladora\/#primaryimage"},"thumbnailUrl":"https:\/\/laamuebladora.com\/noticias\/wp-content\/uploads\/2023\/05\/Imagen1.jpg","keywords":["guardamuebles","trasteros madrid"],"articleSection":["Alquiler de trasteros","Trasteros madrid"],"inLanguage":"es","potentialAction":[{"@type":"CommentAction","name":"Comment","target":["https:\/\/laamuebladora.com\/noticias\/accesibilidad-a-trasteros-y-guardamuebles-en-la-amuebladora\/#respond"]}]},{"@type":"WebPage","@id":"https:\/\/laamuebladora.com\/noticias\/accesibilidad-a-trasteros-y-guardamuebles-en-la-amuebladora\/","url":"https:\/\/laamuebladora.com\/noticias\/accesibilidad-a-trasteros-y-guardamuebles-en-la-amuebladora\/","name":"Trasteros y guardamuebles en La Amuebladora: accesibilidad","isPartOf":{"@id":"https:\/\/laamuebladora.com\/noticias\/#website"},"primaryImageOfPage":{"@id":"https:\/\/laamuebladora.com\/noticias\/accesibilidad-a-trasteros-y-guardamuebles-en-la-amuebladora\/#primaryimage"},"image":{"@id":"https:\/\/laamuebladora.com\/noticias\/accesibilidad-a-trasteros-y-guardamuebles-en-la-amuebladora\/#primaryimage"},"thumbnailUrl":"https:\/\/laamuebladora.com\/noticias\/wp-content\/uploads\/2023\/05\/Imagen1.jpg","datePublished":"2023-05-22T08:57:43+00:00","dateModified":"2023-05-22T08:57:44+00:00","description":"Accesibilidad a trasteros y guardamuebles. La puerta es lo suficientemente amplia, para que puedan acceder a la zona de aparcamiento, cualquier veh\u00edculo","breadcrumb":{"@id":"https:\/\/laamuebladora.com\/noticias\/accesibilidad-a-trasteros-y-guardamuebles-en-la-amuebladora\/#breadcrumb"},"inLanguage":"es","potentialAction":[{"@type":"ReadAction","target":["https:\/\/laamuebladora.com\/noticias\/accesibilidad-a-trasteros-y-guardamuebles-en-la-amuebladora\/"]}]},{"@type":"ImageObject","inLanguage":"es","@id":"https:\/\/laamuebladora.com\/noticias\/accesibilidad-a-trasteros-y-guardamuebles-en-la-amuebladora\/#primaryimage","url":"https:\/\/laamuebladora.com\/noticias\/wp-content\/uploads\/2023\/05\/Imagen1.jpg","contentUrl":"https:\/\/laamuebladora.com\/noticias\/wp-content\/uploads\/2023\/05\/Imagen1.jpg","width":566,"height":354,"caption":"Accesibilidad a trasteros y guardamuebles"},{"@type":"BreadcrumbList","@id":"https:\/\/laamuebladora.com\/noticias\/accesibilidad-a-trasteros-y-guardamuebles-en-la-amuebladora\/#breadcrumb","itemListElement":[{"@type":"ListItem","position":1,"name":"Home","item":"https:\/\/laamuebladora.com\/noticias\/"},{"@type":"ListItem","position":2,"name":"Trasteros y guardamuebles en La Amuebladora: accesibilidad"}]},{"@type":"WebSite","@id":"https:\/\/laamuebladora.com\/noticias\/#website","url":"https:\/\/laamuebladora.com\/noticias\/","name":"La Amuebladora","description":"Trasteros y guardamuebles en Madrid","publisher":{"@id":"https:\/\/laamuebladora.com\/noticias\/#organization"},"potentialAction":[{"@type":"SearchAction","target":{"@type":"EntryPoint","urlTemplate":"https:\/\/laamuebladora.com\/noticias\/?s={search_term_string}"},"query-input":{"@type":"PropertyValueSpecification","valueRequired":true,"valueName":"search_term_string"}}],"inLanguage":"es"},{"@type":"Organization","@id":"https:\/\/laamuebladora.com\/noticias\/#organization","name":"La Amuebladora","url":"https:\/\/laamuebladora.com\/noticias\/","logo":{"@type":"ImageObject","inLanguage":"es","@id":"https:\/\/laamuebladora.com\/noticias\/#\/schema\/logo\/image\/","url":"https:\/\/laamuebladora.com\/noticias\/wp-content\/uploads\/2015\/12\/logo.png","contentUrl":"https:\/\/laamuebladora.com\/noticias\/wp-content\/uploads\/2015\/12\/logo.png","width":350,"height":62,"caption":"La Amuebladora"},"image":{"@id":"https:\/\/laamuebladora.com\/noticias\/#\/schema\/logo\/image\/"}},{"@type":"Person","@id":"https:\/\/laamuebladora.com\/noticias\/#\/schema\/person\/a58f93201e9f04fdcf4aa64e659f8eb1","name":"@Admin Laamuebladora","image":{"@type":"ImageObject","inLanguage":"es","@id":"https:\/\/secure.gravatar.com\/avatar\/ab6d81d50f66192b19bc3344485b75e255df75d182947f318cf674be4e985c34?s=96&d=mm&r=g","url":"https:\/\/secure.gravatar.com\/avatar\/ab6d81d50f66192b19bc3344485b75e255df75d182947f318cf674be4e985c34?s=96&d=mm&r=g","contentUrl":"https:\/\/secure.gravatar.com\/avatar\/ab6d81d50f66192b19bc3344485b75e255df75d182947f318cf674be4e985c34?s=96&d=mm&r=g","caption":"@Admin Laamuebladora"},"url":"https:\/\/laamuebladora.com\/noticias\/author\/admin-laamuebladora\/"}]}},"_links":{"self":[{"href":"https:\/\/laamuebladora.com\/noticias\/wp-json\/wp\/v2\/posts\/377","targetHints":{"allow":["GET"]}}],"collection":[{"href":"https:\/\/laamuebladora.com\/noticias\/wp-json\/wp\/v2\/posts"}],"about":[{"href":"https:\/\/laamuebladora.com\/noticias\/wp-json\/wp\/v2\/types\/post"}],"author":[{"embeddable":true,"href":"https:\/\/laamuebladora.com\/noticias\/wp-json\/wp\/v2\/users\/1"}],"replies":[{"embeddable":true,"href":"https:\/\/laamuebladora.com\/noticias\/wp-json\/wp\/v2\/comments?post=377"}],"version-history":[{"count":4,"href":"https:\/\/laamuebladora.com\/noticias\/wp-json\/wp\/v2\/posts\/377\/revisions"}],"predecessor-version":[{"id":382,"href":"https:\/\/laamuebladora.com\/noticias\/wp-json\/wp\/v2\/posts\/377\/revisions\/382"}],"wp:featuredmedia":[{"embeddable":true,"href":"https:\/\/laamuebladora.com\/noticias\/wp-json\/wp\/v2\/media\/379"}],"wp:attachment":[{"href":"https:\/\/laamuebladora.com\/noticias\/wp-json\/wp\/v2\/media?parent=377"}],"wp:term":[{"taxonomy":"category","embeddable":true,"href":"https:\/\/laamuebladora.com\/noticias\/wp-json\/wp\/v2\/categories?post=377"},{"taxonomy":"post_tag","embeddable":true,"href":"https:\/\/laamuebladora.com\/noticias\/wp-json\/wp\/v2\/tags?post=377"}],"curies":[{"name":"wp","href":"https:\/\/api.w.org\/{rel}","templated":true}]}}