{"id":390,"date":"2023-06-21T12:28:59","date_gmt":"2023-06-21T10:28:59","guid":{"rendered":"https:\/\/laamuebladora.com\/noticias\/?p=390"},"modified":"2023-06-21T12:29:01","modified_gmt":"2023-06-21T10:29:01","slug":"trastero","status":"publish","type":"post","link":"https:\/\/laamuebladora.com\/noticias\/trastero\/","title":{"rendered":"\u00abLos trasteros: la clave esencial para un hogar m\u00e1s amplio, organizado y armonioso\u00bb"},"content":{"rendered":"\n<p>     El espacio en nuestras viviendas se ha convertido en un lujo que cada vez m\u00e1s personas valoran. Por ello, la figura del trastero est\u00e1 adquiriendo un papel m\u00e1s relevante en nuestra sociedad. Lejos de ser un mero cuarto de almacenamiento, los trasteros representan la soluci\u00f3n a un problema creciente de falta de espacio y organizaci\u00f3n en nuestras viviendas.<\/p>\n\n\n\n<p>     Vivir en hogares m\u00e1s peque\u00f1os, la acumulaci\u00f3n de pertenencias y la necesidad de mantener el orden en nuestros espacios de vida, nos llevan a considerar cada vez m\u00e1s la opci\u00f3n de disponer de un trastero. Estos espacios suponen una v\u00eda de escape para aquellos enseres y objetos que no usamos a diario, pero que tampoco queremos deshacernos de ellos. Adem\u00e1s, la organizaci\u00f3n y limpieza que un trastero ofrece nos permite mantener nuestros hogares en un estado \u00f3ptimo de armon\u00eda y equilibrio.<\/p>\n\n\n\n<p>     Cada vez m\u00e1s personas buscan un estilo de vida minimalista, donde el orden y la limpieza predominen. Y no es para menos, ya que diversos estudios indican que un hogar bien organizado puede tener efectos positivos en nuestra salud mental, reduciendo el estr\u00e9s y mejorando la concentraci\u00f3n. Por otro lado, los trasteros tambi\u00e9n pueden liberar un espacio vers\u00e1til que se adapte a nuestras necesidades: un lugar de trabajo, un taller de hobbies, o incluso un gimnasio personal. &nbsp;<\/p>\n\n\n\n<p>     En t\u00e9rminos econ\u00f3micos alquilar un trastero es sin duda una decisi\u00f3n acertada. Al liberar espacio en nuestros hogares, podemos reorganizar y optimizar nuestras viviendas, lo que puede revalorizar el precio de estas en el mercado inmobiliario.<\/p>\n\n\n\n<p>     En definitiva, los trasteros se convierten en una extensi\u00f3n de nuestro hogar, un espacio que nos ayuda a vivir con mayor espacio, orden, limpieza y armon\u00eda. La tendencia al alza en la demanda de trasteros nos indica que este elemento se ha convertido en una necesidad m\u00e1s que un lujo en la vida cotidiana actual.<\/p>\n\n\n\n<p><strong>La Amuebladora S.A.<\/strong><\/p>\n\n\n\n<p><\/p>\n","protected":false},"excerpt":{"rendered":"<p>El espacio en nuestras viviendas se ha convertido en un lujo que cada vez m\u00e1s personas valoran. Por ello, la figura del trastero est\u00e1 adquiriendo un papel m\u00e1s relevante en nuestra sociedad. Lejos de ser un mero cuarto de almacenamiento, los trasteros representan la soluci\u00f3n a un problema creciente de falta de espacio y organizaci\u00f3n en nuestras viviendas. Vivir en hogares m\u00e1s peque\u00f1os, la acumulaci\u00f3n de pertenencias y la necesidad de mantener el orden en nuestros espacios de vida, nos llevan a considerar cada vez m\u00e1s la opci\u00f3n de disponer [&hellip;]<\/p>\n","protected":false},"author":1,"featured_media":0,"comment_status":"open","ping_status":"open","sticky":false,"template":"","format":"standard","meta":{"_acf_changed":false,"footnotes":""},"categories":[12,3,2],"tags":[6,5,9,4],"class_list":["post-390","post","type-post","status-publish","format-standard","hentry","category-alquiler-de-trasteros","category-guardamuebles-madrid","category-trasteros-madrid","tag-guardamuebles","tag-trasteros","tag-trasteros-en-alquiler","tag-trasteros-madrid"],"acf":[],"yoast_head":"<!-- This site is optimized with the Yoast SEO plugin v27.5 - https:\/\/yoast.com\/product\/yoast-seo-wordpress\/ -->\n<title>&quot;Los trasteros: la clave esencial para un hogar m\u00e1s amplio, organizado y armonioso&quot; %<\/title>\n<meta name=\"description\" content=\"Los trasteros: la clave esencial para un hogar m\u00e1s amplio, organizado y armonioso&quot;. El espacio en nuestras viviendas es fundamental\" \/>\n<meta name=\"robots\" content=\"index, follow, max-snippet:-1, max-image-preview:large, max-video-preview:-1\" \/>\n<link rel=\"canonical\" href=\"https:\/\/laamuebladora.com\/noticias\/trastero\/\" \/>\n<meta property=\"og:locale\" content=\"es_ES\" \/>\n<meta property=\"og:type\" content=\"article\" \/>\n<meta property=\"og:title\" content=\"&quot;Los trasteros: la clave esencial para un hogar m\u00e1s amplio, organizado y armonioso&quot; %\" \/>\n<meta property=\"og:description\" content=\"Los trasteros: la clave esencial para un hogar m\u00e1s amplio, organizado y armonioso&quot;. El espacio en nuestras viviendas es fundamental\" \/>\n<meta property=\"og:url\" content=\"https:\/\/laamuebladora.com\/noticias\/trastero\/\" \/>\n<meta property=\"og:site_name\" content=\"La Amuebladora\" \/>\n<meta property=\"article:published_time\" content=\"2023-06-21T10:28:59+00:00\" \/>\n<meta property=\"article:modified_time\" content=\"2023-06-21T10:29:01+00:00\" \/>\n<meta name=\"author\" content=\"@Admin Laamuebladora\" \/>\n<meta name=\"twitter:card\" content=\"summary_large_image\" \/>\n<meta name=\"twitter:label1\" content=\"Escrito por\" \/>\n\t<meta name=\"twitter:data1\" content=\"@Admin Laamuebladora\" \/>\n\t<meta name=\"twitter:label2\" content=\"Tiempo de lectura\" \/>\n\t<meta name=\"twitter:data2\" content=\"2 minutos\" \/>\n<script type=\"application\/ld+json\" class=\"yoast-schema-graph\">{\"@context\":\"https:\\\/\\\/schema.org\",\"@graph\":[{\"@type\":\"Article\",\"@id\":\"https:\\\/\\\/laamuebladora.com\\\/noticias\\\/trastero\\\/#article\",\"isPartOf\":{\"@id\":\"https:\\\/\\\/laamuebladora.com\\\/noticias\\\/trastero\\\/\"},\"author\":{\"name\":\"@Admin Laamuebladora\",\"@id\":\"https:\\\/\\\/laamuebladora.com\\\/noticias\\\/#\\\/schema\\\/person\\\/a58f93201e9f04fdcf4aa64e659f8eb1\"},\"headline\":\"\u00abLos trasteros: la clave esencial para un hogar m\u00e1s amplio, organizado y armonioso\u00bb\",\"datePublished\":\"2023-06-21T10:28:59+00:00\",\"dateModified\":\"2023-06-21T10:29:01+00:00\",\"mainEntityOfPage\":{\"@id\":\"https:\\\/\\\/laamuebladora.com\\\/noticias\\\/trastero\\\/\"},\"wordCount\":350,\"commentCount\":0,\"publisher\":{\"@id\":\"https:\\\/\\\/laamuebladora.com\\\/noticias\\\/#organization\"},\"keywords\":[\"guardamuebles\",\"trasteros\",\"trasteros en alquiler\",\"trasteros madrid\"],\"articleSection\":[\"Alquiler de trasteros\",\"Guardamuebles madrid\",\"Trasteros madrid\"],\"inLanguage\":\"es\",\"potentialAction\":[{\"@type\":\"CommentAction\",\"name\":\"Comment\",\"target\":[\"https:\\\/\\\/laamuebladora.com\\\/noticias\\\/trastero\\\/#respond\"]}]},{\"@type\":\"WebPage\",\"@id\":\"https:\\\/\\\/laamuebladora.com\\\/noticias\\\/trastero\\\/\",\"url\":\"https:\\\/\\\/laamuebladora.com\\\/noticias\\\/trastero\\\/\",\"name\":\"\\\"Los trasteros: la clave esencial para un hogar m\u00e1s amplio, organizado y armonioso\\\" %\",\"isPartOf\":{\"@id\":\"https:\\\/\\\/laamuebladora.com\\\/noticias\\\/#website\"},\"datePublished\":\"2023-06-21T10:28:59+00:00\",\"dateModified\":\"2023-06-21T10:29:01+00:00\",\"description\":\"Los trasteros: la clave esencial para un hogar m\u00e1s amplio, organizado y armonioso\\\". El espacio en nuestras viviendas es fundamental\",\"breadcrumb\":{\"@id\":\"https:\\\/\\\/laamuebladora.com\\\/noticias\\\/trastero\\\/#breadcrumb\"},\"inLanguage\":\"es\",\"potentialAction\":[{\"@type\":\"ReadAction\",\"target\":[\"https:\\\/\\\/laamuebladora.com\\\/noticias\\\/trastero\\\/\"]}]},{\"@type\":\"BreadcrumbList\",\"@id\":\"https:\\\/\\\/laamuebladora.com\\\/noticias\\\/trastero\\\/#breadcrumb\",\"itemListElement\":[{\"@type\":\"ListItem\",\"position\":1,\"name\":\"Home\",\"item\":\"https:\\\/\\\/laamuebladora.com\\\/noticias\\\/\"},{\"@type\":\"ListItem\",\"position\":2,\"name\":\"\u00abLos trasteros: la clave esencial para un hogar m\u00e1s amplio, organizado y armonioso\u00bb\"}]},{\"@type\":\"WebSite\",\"@id\":\"https:\\\/\\\/laamuebladora.com\\\/noticias\\\/#website\",\"url\":\"https:\\\/\\\/laamuebladora.com\\\/noticias\\\/\",\"name\":\"La Amuebladora\",\"description\":\"Trasteros y guardamuebles en Madrid\",\"publisher\":{\"@id\":\"https:\\\/\\\/laamuebladora.com\\\/noticias\\\/#organization\"},\"potentialAction\":[{\"@type\":\"SearchAction\",\"target\":{\"@type\":\"EntryPoint\",\"urlTemplate\":\"https:\\\/\\\/laamuebladora.com\\\/noticias\\\/?s={search_term_string}\"},\"query-input\":{\"@type\":\"PropertyValueSpecification\",\"valueRequired\":true,\"valueName\":\"search_term_string\"}}],\"inLanguage\":\"es\"},{\"@type\":\"Organization\",\"@id\":\"https:\\\/\\\/laamuebladora.com\\\/noticias\\\/#organization\",\"name\":\"La Amuebladora\",\"url\":\"https:\\\/\\\/laamuebladora.com\\\/noticias\\\/\",\"logo\":{\"@type\":\"ImageObject\",\"inLanguage\":\"es\",\"@id\":\"https:\\\/\\\/laamuebladora.com\\\/noticias\\\/#\\\/schema\\\/logo\\\/image\\\/\",\"url\":\"https:\\\/\\\/laamuebladora.com\\\/noticias\\\/wp-content\\\/uploads\\\/2015\\\/12\\\/logo.png\",\"contentUrl\":\"https:\\\/\\\/laamuebladora.com\\\/noticias\\\/wp-content\\\/uploads\\\/2015\\\/12\\\/logo.png\",\"width\":350,\"height\":62,\"caption\":\"La Amuebladora\"},\"image\":{\"@id\":\"https:\\\/\\\/laamuebladora.com\\\/noticias\\\/#\\\/schema\\\/logo\\\/image\\\/\"}},{\"@type\":\"Person\",\"@id\":\"https:\\\/\\\/laamuebladora.com\\\/noticias\\\/#\\\/schema\\\/person\\\/a58f93201e9f04fdcf4aa64e659f8eb1\",\"name\":\"@Admin Laamuebladora\",\"image\":{\"@type\":\"ImageObject\",\"inLanguage\":\"es\",\"@id\":\"https:\\\/\\\/secure.gravatar.com\\\/avatar\\\/ab6d81d50f66192b19bc3344485b75e255df75d182947f318cf674be4e985c34?s=96&d=mm&r=g\",\"url\":\"https:\\\/\\\/secure.gravatar.com\\\/avatar\\\/ab6d81d50f66192b19bc3344485b75e255df75d182947f318cf674be4e985c34?s=96&d=mm&r=g\",\"contentUrl\":\"https:\\\/\\\/secure.gravatar.com\\\/avatar\\\/ab6d81d50f66192b19bc3344485b75e255df75d182947f318cf674be4e985c34?s=96&d=mm&r=g\",\"caption\":\"@Admin Laamuebladora\"},\"url\":\"https:\\\/\\\/laamuebladora.com\\\/noticias\\\/author\\\/admin-laamuebladora\\\/\"}]}<\/script>\n<!-- \/ Yoast SEO plugin. -->","yoast_head_json":{"title":"\"Los trasteros: la clave esencial para un hogar m\u00e1s amplio, organizado y armonioso\" %","description":"Los trasteros: la clave esencial para un hogar m\u00e1s amplio, organizado y armonioso\". El espacio en nuestras viviendas es fundamental","robots":{"index":"index","follow":"follow","max-snippet":"max-snippet:-1","max-image-preview":"max-image-preview:large","max-video-preview":"max-video-preview:-1"},"canonical":"https:\/\/laamuebladora.com\/noticias\/trastero\/","og_locale":"es_ES","og_type":"article","og_title":"\"Los trasteros: la clave esencial para un hogar m\u00e1s amplio, organizado y armonioso\" %","og_description":"Los trasteros: la clave esencial para un hogar m\u00e1s amplio, organizado y armonioso\". El espacio en nuestras viviendas es fundamental","og_url":"https:\/\/laamuebladora.com\/noticias\/trastero\/","og_site_name":"La Amuebladora","article_published_time":"2023-06-21T10:28:59+00:00","article_modified_time":"2023-06-21T10:29:01+00:00","author":"@Admin Laamuebladora","twitter_card":"summary_large_image","twitter_misc":{"Escrito por":"@Admin Laamuebladora","Tiempo de lectura":"2 minutos"},"schema":{"@context":"https:\/\/schema.org","@graph":[{"@type":"Article","@id":"https:\/\/laamuebladora.com\/noticias\/trastero\/#article","isPartOf":{"@id":"https:\/\/laamuebladora.com\/noticias\/trastero\/"},"author":{"name":"@Admin Laamuebladora","@id":"https:\/\/laamuebladora.com\/noticias\/#\/schema\/person\/a58f93201e9f04fdcf4aa64e659f8eb1"},"headline":"\u00abLos trasteros: la clave esencial para un hogar m\u00e1s amplio, organizado y armonioso\u00bb","datePublished":"2023-06-21T10:28:59+00:00","dateModified":"2023-06-21T10:29:01+00:00","mainEntityOfPage":{"@id":"https:\/\/laamuebladora.com\/noticias\/trastero\/"},"wordCount":350,"commentCount":0,"publisher":{"@id":"https:\/\/laamuebladora.com\/noticias\/#organization"},"keywords":["guardamuebles","trasteros","trasteros en alquiler","trasteros madrid"],"articleSection":["Alquiler de trasteros","Guardamuebles madrid","Trasteros madrid"],"inLanguage":"es","potentialAction":[{"@type":"CommentAction","name":"Comment","target":["https:\/\/laamuebladora.com\/noticias\/trastero\/#respond"]}]},{"@type":"WebPage","@id":"https:\/\/laamuebladora.com\/noticias\/trastero\/","url":"https:\/\/laamuebladora.com\/noticias\/trastero\/","name":"\"Los trasteros: la clave esencial para un hogar m\u00e1s amplio, organizado y armonioso\" %","isPartOf":{"@id":"https:\/\/laamuebladora.com\/noticias\/#website"},"datePublished":"2023-06-21T10:28:59+00:00","dateModified":"2023-06-21T10:29:01+00:00","description":"Los trasteros: la clave esencial para un hogar m\u00e1s amplio, organizado y armonioso\". El espacio en nuestras viviendas es fundamental","breadcrumb":{"@id":"https:\/\/laamuebladora.com\/noticias\/trastero\/#breadcrumb"},"inLanguage":"es","potentialAction":[{"@type":"ReadAction","target":["https:\/\/laamuebladora.com\/noticias\/trastero\/"]}]},{"@type":"BreadcrumbList","@id":"https:\/\/laamuebladora.com\/noticias\/trastero\/#breadcrumb","itemListElement":[{"@type":"ListItem","position":1,"name":"Home","item":"https:\/\/laamuebladora.com\/noticias\/"},{"@type":"ListItem","position":2,"name":"\u00abLos trasteros: la clave esencial para un hogar m\u00e1s amplio, organizado y armonioso\u00bb"}]},{"@type":"WebSite","@id":"https:\/\/laamuebladora.com\/noticias\/#website","url":"https:\/\/laamuebladora.com\/noticias\/","name":"La Amuebladora","description":"Trasteros y guardamuebles en Madrid","publisher":{"@id":"https:\/\/laamuebladora.com\/noticias\/#organization"},"potentialAction":[{"@type":"SearchAction","target":{"@type":"EntryPoint","urlTemplate":"https:\/\/laamuebladora.com\/noticias\/?s={search_term_string}"},"query-input":{"@type":"PropertyValueSpecification","valueRequired":true,"valueName":"search_term_string"}}],"inLanguage":"es"},{"@type":"Organization","@id":"https:\/\/laamuebladora.com\/noticias\/#organization","name":"La Amuebladora","url":"https:\/\/laamuebladora.com\/noticias\/","logo":{"@type":"ImageObject","inLanguage":"es","@id":"https:\/\/laamuebladora.com\/noticias\/#\/schema\/logo\/image\/","url":"https:\/\/laamuebladora.com\/noticias\/wp-content\/uploads\/2015\/12\/logo.png","contentUrl":"https:\/\/laamuebladora.com\/noticias\/wp-content\/uploads\/2015\/12\/logo.png","width":350,"height":62,"caption":"La Amuebladora"},"image":{"@id":"https:\/\/laamuebladora.com\/noticias\/#\/schema\/logo\/image\/"}},{"@type":"Person","@id":"https:\/\/laamuebladora.com\/noticias\/#\/schema\/person\/a58f93201e9f04fdcf4aa64e659f8eb1","name":"@Admin Laamuebladora","image":{"@type":"ImageObject","inLanguage":"es","@id":"https:\/\/secure.gravatar.com\/avatar\/ab6d81d50f66192b19bc3344485b75e255df75d182947f318cf674be4e985c34?s=96&d=mm&r=g","url":"https:\/\/secure.gravatar.com\/avatar\/ab6d81d50f66192b19bc3344485b75e255df75d182947f318cf674be4e985c34?s=96&d=mm&r=g","contentUrl":"https:\/\/secure.gravatar.com\/avatar\/ab6d81d50f66192b19bc3344485b75e255df75d182947f318cf674be4e985c34?s=96&d=mm&r=g","caption":"@Admin Laamuebladora"},"url":"https:\/\/laamuebladora.com\/noticias\/author\/admin-laamuebladora\/"}]}},"_links":{"self":[{"href":"https:\/\/laamuebladora.com\/noticias\/wp-json\/wp\/v2\/posts\/390","targetHints":{"allow":["GET"]}}],"collection":[{"href":"https:\/\/laamuebladora.com\/noticias\/wp-json\/wp\/v2\/posts"}],"about":[{"href":"https:\/\/laamuebladora.com\/noticias\/wp-json\/wp\/v2\/types\/post"}],"author":[{"embeddable":true,"href":"https:\/\/laamuebladora.com\/noticias\/wp-json\/wp\/v2\/users\/1"}],"replies":[{"embeddable":true,"href":"https:\/\/laamuebladora.com\/noticias\/wp-json\/wp\/v2\/comments?post=390"}],"version-history":[{"count":2,"href":"https:\/\/laamuebladora.com\/noticias\/wp-json\/wp\/v2\/posts\/390\/revisions"}],"predecessor-version":[{"id":392,"href":"https:\/\/laamuebladora.com\/noticias\/wp-json\/wp\/v2\/posts\/390\/revisions\/392"}],"wp:attachment":[{"href":"https:\/\/laamuebladora.com\/noticias\/wp-json\/wp\/v2\/media?parent=390"}],"wp:term":[{"taxonomy":"category","embeddable":true,"href":"https:\/\/laamuebladora.com\/noticias\/wp-json\/wp\/v2\/categories?post=390"},{"taxonomy":"post_tag","embeddable":true,"href":"https:\/\/laamuebladora.com\/noticias\/wp-json\/wp\/v2\/tags?post=390"}],"curies":[{"name":"wp","href":"https:\/\/api.w.org\/{rel}","templated":true}]}}